{"id":160,"date":"2020-04-09T12:04:05","date_gmt":"2020-04-09T12:04:05","guid":{"rendered":"http:\/\/fgqz.de\/?p=160"},"modified":"2020-11-16T16:24:56","modified_gmt":"2020-11-16T16:24:56","slug":"newsletter-1-2020","status":"publish","type":"post","link":"https:\/\/fgqz.de\/?p=160","title":{"rendered":"Newsletter 1\/2020"},"content":{"rendered":"\n<p>Liebe Mitglieder unserer F\u00f6rdergemeinschaft, liebe Interessierte an der F\u00f6rdergemeinschaft f\u00fcr das Querschnittgel\u00e4hmtenzentrum des RKU,<\/p>\n\n\n\n<p>der den gesamten Erdball umfassende Kampf gegen die Weiterverbreitung des Corona-Virus SARS-CoV-2 (SARS steht f\u00fcr schweres akutes Atemwegssyndrom), dass die COVID-19 Pandemie (Corona Virus Disease, erstes Auftreten in 2019) ausgel\u00f6st hat, beherrscht derzeit das Leben nahezu aller Menschen. Die Deutschsprachige Medizinische Gesellschaft f\u00fcr Paraplegiologie hat im Verbund mit der Deutschen Stiftung Querschnittl\u00e4hmung und der F\u00f6rdergemeinschaft der Querschnittgel\u00e4hmten in Deutschland aktuelle Informationen zum Corona-Virus f\u00fcr Menschen mit Querschnittl\u00e4hmung erarbeitet, die auf unserer neu ausgearbeiteten Homepage abrufbar sind.&nbsp;<\/p>\n\n\n\n<p>Am 17.03.2020 sollte im Rahmen unseres Stammtisches die Jahreshauptversammlung unserer F\u00f6rdergemeinschaft stattfinden. Am 16.03.2020 um 10.09 Uhr wurde wegen der Coronavirus Pandemie in Bayern der Katastrophenfall ausgerufen. Von einem Moment auf den anderen wurden alle Veranstaltungen verboten, so dass die Jahreshauptversammlung demzufolge abgesagt werden musste. Wann und ob sie dieses Jahr noch durchgef\u00fchrt werden kann, wird sich zeigen. Ich gehe von dem 4. Quartal 2020 aus.<\/p>\n\n\n\n<p>Unser Stammtisch in Seligweiler f\u00fcr den 21.04.2020 wurde von mir abgesagt. Wie es ab Mai 2020 weitergehen wird ist derzeit unklar. Auf jeden Fall wurde zwischenzeitlich der Wings for Life-World-Run in M\u00fcnchen mit Datum 03. Mai 2020 ebenfalls abgesagt. Ebenso ist es derzeit zu fr\u00fch, um eine Aussage im Hinblick auf unser Sommerfest am 23.Juli zu wagen.&nbsp;<\/p>\n\n\n\n<p>Sie k\u00f6nnen sich vorstellen, dass wir in unserem Querschnittgel\u00e4hmtenzentrum unter erschwerten Bedingungen arbeiten. Mittlerweile m\u00fcssen wir alle in der Klinik beispielsweise mit Mund-Nasen-Schutz arbeiten. T\u00e4glich bekomme ich Anrufe von besorgten Menschen mit Querschnittl\u00e4hmung und deren Angeh\u00f6rigen, die ich seit fast 25 Jahren kenne, ob sie besondere Vorkehrungen treffen k\u00f6nnen bzw. sollen und ob sie im Querschnittgel\u00e4hmtenzentrum besonders gesch\u00fctzt w\u00e4ren.&nbsp;<\/p>\n\n\n\n<p>Das Querschnittgel\u00e4hmtenzentrum Ulm mit seinen Mitarbeiterinnen und Mitarbeitern hat auch in dieser Pandemiezeit 100%-Belegung. Selbstverst\u00e4ndlich werden auch akute Querschnittgel\u00e4hmte weiterhin aufgenommen.&nbsp;<\/p>\n\n\n\n<p>So liegt der erste Motorradunfallverletzte dieser Fr\u00fchlingssaison, hoher Querschnitt, beatmet bei uns auf der Intensivstation.<\/p>\n\n\n\n<p>In dieser f\u00fcr uns alle nicht einfachen Zeit m\u00f6chte ich mich auch auf diesem Wege nochmals ausdr\u00fccklich bei meinem gesamten Team des Querschnittgel\u00e4hmtenzentrums Ulm bedanken, dass in hervorragender Weise alles tut, um f\u00fcr unsere querschnittgel\u00e4hmten Patienten vor Ort zu sein und die Versorgung aufrecht zu erhalten.<\/p>\n\n\n\n<p>Bleiben Sie gesund da drau\u00dfen und der F\u00f6rdergemeinschaft des Querschnitt-gel\u00e4hmtenzentrums des RKU gewogen.<\/p>\n\n\n\n<p>Herzlichst auch zu Ostern 2020<\/p>\n\n\n\n<p>Ihr<\/p>\n\n\n\n<figure class=\"wp-block-image size-large\"><img fetchpriority=\"high\" decoding=\"async\" width=\"732\" height=\"157\" src=\"http:\/\/fgqz.de\/wp-content\/uploads\/2020\/02\/sign_kalke_gelber_hintergrund.png\" alt=\"Sign Dr. Kalke\" class=\"wp-image-94\" srcset=\"https:\/\/fgqz.de\/wp-content\/uploads\/2020\/02\/sign_kalke_gelber_hintergrund.png 732w, https:\/\/fgqz.de\/wp-content\/uploads\/2020\/02\/sign_kalke_gelber_hintergrund-300x64.png 300w\" sizes=\"(max-width: 732px) 100vw, 732px\" \/><figcaption>Dr. med. Yorck-Bernhard Kalke&nbsp;<br>Vorsitzender FGQZ Ulm<\/figcaption><\/figure>\n\n\n\n<p><\/p>\n","protected":false},"excerpt":{"rendered":"<p>Liebe Mitglieder unserer F\u00f6rdergemeinschaft, liebe Interessierte an der F\u00f6rdergemeinschaft f\u00fcr das Querschnittgel\u00e4hmtenzentrum des RKU, der den gesamten Erdball umfassende Kampf gegen die Weiterverbreitung des Corona-Virus SARS-CoV-2 (SARS steht f\u00fcr schweres akutes Atemwegssyndrom), dass die COVID-19 Pandemie (Corona Virus Disease, erstes Auftreten in 2019) ausgel\u00f6st hat, beherrscht derzeit das Leben nahezu aller Menschen. Die Deutschsprachige Medizinische [&hellip;]<\/p>\n","protected":false},"author":1,"featured_media":0,"comment_status":"closed","ping_status":"closed","sticky":false,"template":"","format":"standard","meta":{"footnotes":""},"categories":[2],"tags":[],"class_list":["post-160","post","type-post","status-publish","format-standard","hentry","category-newsletter"],"_links":{"self":[{"href":"https:\/\/fgqz.de\/index.php?rest_route=\/wp\/v2\/posts\/160","targetHints":{"allow":["GET"]}}],"collection":[{"href":"https:\/\/fgqz.de\/index.php?rest_route=\/wp\/v2\/posts"}],"about":[{"href":"https:\/\/fgqz.de\/index.php?rest_route=\/wp\/v2\/types\/post"}],"author":[{"embeddable":true,"href":"https:\/\/fgqz.de\/index.php?rest_route=\/wp\/v2\/users\/1"}],"replies":[{"embeddable":true,"href":"https:\/\/fgqz.de\/index.php?rest_route=%2Fwp%2Fv2%2Fcomments&post=160"}],"version-history":[{"count":2,"href":"https:\/\/fgqz.de\/index.php?rest_route=\/wp\/v2\/posts\/160\/revisions"}],"predecessor-version":[{"id":451,"href":"https:\/\/fgqz.de\/index.php?rest_route=\/wp\/v2\/posts\/160\/revisions\/451"}],"wp:attachment":[{"href":"https:\/\/fgqz.de\/index.php?rest_route=%2Fwp%2Fv2%2Fmedia&parent=160"}],"wp:term":[{"taxonomy":"category","embeddable":true,"href":"https:\/\/fgqz.de\/index.php?rest_route=%2Fwp%2Fv2%2Fcategories&post=160"},{"taxonomy":"post_tag","embeddable":true,"href":"https:\/\/fgqz.de\/index.php?rest_route=%2Fwp%2Fv2%2Ftags&post=160"}],"curies":[{"name":"wp","href":"https:\/\/api.w.org\/{rel}","templated":true}]}}