{"id":354,"date":"2019-12-14T17:10:26","date_gmt":"2019-12-14T17:10:26","guid":{"rendered":"http:\/\/fgqz.de\/?p=354"},"modified":"2019-12-14T17:10:26","modified_gmt":"2019-12-14T17:10:26","slug":"newsletter-3-2019-2","status":"publish","type":"post","link":"https:\/\/fgqz.de\/?p=354","title":{"rendered":"News 3\/2019"},"content":{"rendered":"\t\t<div data-elementor-type=\"wp-post\" data-elementor-id=\"354\" class=\"elementor elementor-354\" data-elementor-post-type=\"post\">\n\t\t\t\t\t\t<section class=\"elementor-section elementor-top-section elementor-element elementor-element-167f57e3 elementor-section-boxed elementor-section-height-default elementor-section-height-default\" data-id=\"167f57e3\" data-element_type=\"section\">\n\t\t\t\t\t\t<div class=\"elementor-container elementor-column-gap-default\">\n\t\t\t\t\t<div class=\"elementor-column elementor-col-100 elementor-top-column elementor-element elementor-element-744866a2\" data-id=\"744866a2\" data-element_type=\"column\">\n\t\t\t<div class=\"elementor-widget-wrap elementor-element-populated\">\n\t\t\t\t\t\t<div class=\"elementor-element elementor-element-67ae02b7 elementor-widget elementor-widget-text-editor\" data-id=\"67ae02b7\" data-element_type=\"widget\" data-widget_type=\"text-editor.default\">\n\t\t\t\t<div class=\"elementor-widget-container\">\n\t\t\t\t\t\t\t\t\t\n<pre class=\"wp-block-preformatted\">Liebe Mitglieder unserer F\u00f6rdergemeinschaft, \nliebe Interessierte an der F\u00f6rdergemeinschaft f\u00fcr das Querschnittgel\u00e4hmtenzentrum des RKU, \n\nunser Adventsfr\u00fchst\u00fcck im feierlich dekorierten Physiotherapieraum des Querschnitt\u00adgel\u00e4hmtenzentrums war so zahlreich besucht wie noch nie. Auch diese Veranstaltung wird immer mehr zum Kult genauso wie unser Adventsstammtisch in dem Rasthaus Seligweiler, der dieses Jahr am 17. Dezember stattfinden wird. Auch zu diesem k\u00f6nnen wieder im Einzelfall Fahrtkostenzusch\u00fcsse von Seiten unserer F\u00f6rdergemeinschaft auf Antrag erteilt werden. Ein Zauberer wird mit vor Ort sein in Seligweiler. Lassen Sie sich verzaubern und freuen Sie sich auch auf die Weihnachtsvisite im Querschnittgel\u00e4hmtenzentrum am <strong>24. Dezember<\/strong> <strong>von 11.00 bis 12.30 Uhr<\/strong> wie immer mit Akkordeon- und Klarinettenkl\u00e4ngen und diesmal einer katholisch inspirierten Weihnachtsgeschichte. \n\nDieses Jahr war unsere F\u00f6rdergemeinschaft bei der Jahrestagung der Deutschsprachigen Medizinischen Gesellschaft f\u00fcr Paraplegiologie in Koblenz pr\u00e4sent, unsere Stammtische waren mitunter sehr gut besucht, unser 30. Sommerfest am Thalfinger See am 25. Juli ein Highlight und die Teilnahme am Weltquerschnittgel\u00e4hmtentag in Berlin am 5. September im Gesundheitsministerium und am Brandenburger Tor eine Bereicherung. \n\nBereichern Sie auch unsere F\u00f6rdergemeinschaft mit neuen Mitgliedern. Menschen mit Querschnittl\u00e4hmung zahlen \u20ac 20,00 Jahresbeitrag ohne Unfallschutz. Ansonsten liegt die Jahresmitgliedschaft bei \u20ac 30,00 im Jahr verbunden mit einem Unfallschutz bis \u20ac 200.000,00 im Falle der traumatischen Querschnittl\u00e4hmung.\n\nWie hei\u00dft es so sch\u00f6n - safe the date: Am <strong>17. M\u00e4rz 2020<\/strong> wird die Jahreshauptversammlung im Rahmen unseres Stammtisches dann eben nur f\u00fcr Mitglieder stattfinden.\n\nAm <strong>03. Mai 2020<\/strong> wird der Wings for Life World Run in M\u00fcnchen erfolgen, wieder mit unserer aktiven Beteiligung. Freuen wir uns jetzt schon auf unser 31. Sommerfest am <strong>23. Juli 2020<\/strong>.\n\nIch w\u00fcnsche Ihnen als Vorsitzender unserer FGQZ Ulm im Namen von der Vorstandschaft und des Vergabeausschusses eine sch\u00f6ne Advents- und Weihnachtszeit und ein gutes und gl\u00fcckliches Neues Jahr 2020. \n\nHerzlichst Ihr \n\n\nDr. med. Yorck-Bernhard Kalke\nVorsitzender FGQZ Ulm <\/pre>\n\t\t\t\t\t\t\t\t<\/div>\n\t\t\t\t<\/div>\n\t\t\t\t\t<\/div>\n\t\t<\/div>\n\t\t\t\t\t<\/div>\n\t\t<\/section>\n\t\t\t\t<\/div>\n\t\t","protected":false},"excerpt":{"rendered":"<p>Liebe Mitglieder unserer F\u00f6rdergemeinschaft, liebe Interessierte an der F\u00f6rdergemeinschaft f\u00fcr das Querschnittgel\u00e4hmtenzentrum des RKU, unser Adventsfr\u00fchst\u00fcck im feierlich dekorierten Physiotherapieraum des Querschnitt\u00adgel\u00e4hmtenzentrums war so zahlreich besucht wie noch nie. Auch diese Veranstaltung wird immer mehr zum Kult genauso wie unser Adventsstammtisch in dem Rasthaus Seligweiler, der dieses Jahr am 17. Dezember stattfinden wird. Auch zu [&hellip;]<\/p>\n","protected":false},"author":1,"featured_media":0,"comment_status":"open","ping_status":"open","sticky":false,"template":"elementor_canvas","format":"standard","meta":{"footnotes":""},"categories":[2],"tags":[],"class_list":["post-354","post","type-post","status-publish","format-standard","hentry","category-newsletter"],"_links":{"self":[{"href":"https:\/\/fgqz.de\/index.php?rest_route=\/wp\/v2\/posts\/354","targetHints":{"allow":["GET"]}}],"collection":[{"href":"https:\/\/fgqz.de\/index.php?rest_route=\/wp\/v2\/posts"}],"about":[{"href":"https:\/\/fgqz.de\/index.php?rest_route=\/wp\/v2\/types\/post"}],"author":[{"embeddable":true,"href":"https:\/\/fgqz.de\/index.php?rest_route=\/wp\/v2\/users\/1"}],"replies":[{"embeddable":true,"href":"https:\/\/fgqz.de\/index.php?rest_route=%2Fwp%2Fv2%2Fcomments&post=354"}],"version-history":[{"count":0,"href":"https:\/\/fgqz.de\/index.php?rest_route=\/wp\/v2\/posts\/354\/revisions"}],"wp:attachment":[{"href":"https:\/\/fgqz.de\/index.php?rest_route=%2Fwp%2Fv2%2Fmedia&parent=354"}],"wp:term":[{"taxonomy":"category","embeddable":true,"href":"https:\/\/fgqz.de\/index.php?rest_route=%2Fwp%2Fv2%2Fcategories&post=354"},{"taxonomy":"post_tag","embeddable":true,"href":"https:\/\/fgqz.de\/index.php?rest_route=%2Fwp%2Fv2%2Ftags&post=354"}],"curies":[{"name":"wp","href":"https:\/\/api.w.org\/{rel}","templated":true}]}}