{"id":449,"date":"2020-11-16T16:24:11","date_gmt":"2020-11-16T16:24:11","guid":{"rendered":"http:\/\/fgqz.de\/?p=449"},"modified":"2020-11-16T16:27:49","modified_gmt":"2020-11-16T16:27:49","slug":"newsletter-2-2020","status":"publish","type":"post","link":"https:\/\/fgqz.de\/?p=449","title":{"rendered":"Newsletter 2\/2020"},"content":{"rendered":"\n<p>Liebe Mitglieder unserer F\u00f6rdergemeinschaft, liebe Interessierte an der F\u00f6rdergemeinschaft f\u00fcr das Querschnittgel\u00e4hmtenzentrum des RKU,<\/p>\n\n\n\n<p>die Corona-Pandemie ist weiterhin das Thema, dass uns alle, nicht nur in Ulm, um Ulm und um Ulm herum, sondern wahrlich weltweit auf Trab h\u00e4lt. Mittlerweile zeichnet es sich ab, dass wir nicht vor Mitte 2021 einen Impfschutz haben werden und die gro\u00dfe Bef\u00fcrchtung aller ist, dass der f\u00fcr November 2020 ausgerufene Lockdown light in den Dezember und damit auf die Advents- und Weihnachtszeit verl\u00e4ngert wird oder gar ein Full Lockdown f\u00fcr die n\u00e4chsten Monate auf uns zukommt. Immerhin hatten wir es geschafft, den Stammtisch, der in den Monaten M\u00e4rz bis Juni ausfallen musste, im Juli zu reaktivieren und dies mit leibhaftiger Pr\u00e4senz und nicht digital.\u00a0<\/p>\n\n\n\n<p>Wie ich bereits in meinem letzten Newsletter angek\u00fcndigt hatte, ging ich von der Durchf\u00fchrung unserer Jahreshauptversammlung, die ja am 17.03.2020 Lockdown bedingt nicht stattfinden konnte, im vierten Quartal 2020 aus. F\u00fcr den 17. November 2020 war sie angesetzt, durchf\u00fchrbar ist sie eben Lockdown light bedingt leider nicht.&nbsp;<\/p>\n\n\n\n<p>Dies hat zur Folge, dass der Vorstand der FGQZ am 17.11.2020 im RKU zusammenkommen wird und ein Protokoll mit den Eckdaten 2019 und dem Bericht der Schatzmeisterin und dem der Kassenpr\u00fcfer erstellt werden wird und nach Zusendung an die Mitglieder unserer F\u00f6rdergemeinschaft diesen Zeit f\u00fcr R\u00fcckfragen gegeben wird unter Nutzung meiner Emailadresse. Nachdem die Revisoren der Schatzmeisterin und damit auch der gesamten Vorstandschaft eine tadellose Arbeit best\u00e4tigt haben, geht es nun noch um die von den Mitgliedern vorzunehmende Entlastung der Vorstandschaft. Diese Entlastung gilt als erteilt, wenn nicht bis zum 08.12.2020 ein entsprechender Einwand von einem Mitglied schriftlich an die Vorstandschaft gerichtet wird. Im \u00dcbrigen standen im Jahr 2020 auch keine Wahlen an und auch keine Satzungs\u00e4nderung.&nbsp;<\/p>\n\n\n\n<p>Nicht stattgefunden hat unser Sommerfest dieses Jahr. Hier ist wahrlich die Frage: Werden wir es am 22. Juli 2021 wagen, unser Sommerfest durchzuf\u00fchren?&nbsp;<\/p>\n\n\n\n<p>Unser Adventsfr\u00fchst\u00fcck im Physiotherapieraum des Querschnittgel\u00e4hmtenzentrums wird dieses Jahr ebenfalls nicht stattfinden k\u00f6nnen.&nbsp;<\/p>\n\n\n\n<p>Auch wird dieses Jahr die Weihnachtsvisite am 24. Dezember, die meine 25. Weihnachtsvisite in Folge darstellen wird, nicht in der bisher \u00fcblichen Form durchgef\u00fchrt werden k\u00f6nnen, da Corona bedingt Lichthof und Flure nicht zur Verf\u00fcgung stehen. So wird es eine wirkliche Weihnachtsvisite im eigentlichen Sinne sein, sofern ich dann von Patientenzimmer zu Patientenzimmer gehen werde.&nbsp;<\/p>\n\n\n\n<p>Corona besch\u00e4ftigt uns in der Tat sehr. Versuchen wir alle gemeinsam in vernunft-orientiertem Handeln durch diese nicht ganz einfache Zeit zu kommen, die wir alle sicherlich in unserem Leben nicht vergessen werden.<\/p>\n\n\n\n<p>Bleiben Sie gesund da drau\u00dfen und der F\u00f6rdergemeinschaft des Querschnitt-gel\u00e4hmtenzentrums des RKU gewogen.<\/p>\n\n\n\n<p>Herzlichst mitten im Herbst 2020<\/p>\n\n\n\n<p>Ihr<\/p>\n\n\n\n<div class=\"wp-block-image\"><figure class=\"aligncenter size-large is-resized\"><img decoding=\"async\" src=\"http:\/\/fgqz.de\/wp-content\/uploads\/2020\/02\/sign_kalke_gelber_hintergrund.png\" alt=\"pastedGraphic.png\" class=\"wp-image-94\" width=\"340\" height=\"72\" srcset=\"https:\/\/fgqz.de\/wp-content\/uploads\/2020\/02\/sign_kalke_gelber_hintergrund.png 732w, https:\/\/fgqz.de\/wp-content\/uploads\/2020\/02\/sign_kalke_gelber_hintergrund-300x64.png 300w\" sizes=\"(max-width: 340px) 100vw, 340px\" \/><figcaption>Dr. med. Yorck-Bernhard Kalke<\/figcaption><\/figure><\/div>\n\n\n\n<p>&nbsp;Vorsitzender FGQZ Ulm<\/p>\n","protected":false},"excerpt":{"rendered":"<p>Liebe Mitglieder unserer F\u00f6rdergemeinschaft, liebe Interessierte an der F\u00f6rdergemeinschaft f\u00fcr das Querschnittgel\u00e4hmtenzentrum des RKU, die Corona-Pandemie ist weiterhin das Thema, dass uns alle, nicht nur in Ulm, um Ulm und um Ulm herum, sondern wahrlich weltweit auf Trab h\u00e4lt. Mittlerweile zeichnet es sich ab, dass wir nicht vor Mitte 2021 einen Impfschutz haben werden und [&hellip;]<\/p>\n","protected":false},"author":1,"featured_media":0,"comment_status":"closed","ping_status":"closed","sticky":false,"template":"","format":"standard","meta":{"footnotes":""},"categories":[2],"tags":[],"class_list":["post-449","post","type-post","status-publish","format-standard","hentry","category-newsletter"],"_links":{"self":[{"href":"https:\/\/fgqz.de\/index.php?rest_route=\/wp\/v2\/posts\/449","targetHints":{"allow":["GET"]}}],"collection":[{"href":"https:\/\/fgqz.de\/index.php?rest_route=\/wp\/v2\/posts"}],"about":[{"href":"https:\/\/fgqz.de\/index.php?rest_route=\/wp\/v2\/types\/post"}],"author":[{"embeddable":true,"href":"https:\/\/fgqz.de\/index.php?rest_route=\/wp\/v2\/users\/1"}],"replies":[{"embeddable":true,"href":"https:\/\/fgqz.de\/index.php?rest_route=%2Fwp%2Fv2%2Fcomments&post=449"}],"version-history":[{"count":3,"href":"https:\/\/fgqz.de\/index.php?rest_route=\/wp\/v2\/posts\/449\/revisions"}],"predecessor-version":[{"id":453,"href":"https:\/\/fgqz.de\/index.php?rest_route=\/wp\/v2\/posts\/449\/revisions\/453"}],"wp:attachment":[{"href":"https:\/\/fgqz.de\/index.php?rest_route=%2Fwp%2Fv2%2Fmedia&parent=449"}],"wp:term":[{"taxonomy":"category","embeddable":true,"href":"https:\/\/fgqz.de\/index.php?rest_route=%2Fwp%2Fv2%2Fcategories&post=449"},{"taxonomy":"post_tag","embeddable":true,"href":"https:\/\/fgqz.de\/index.php?rest_route=%2Fwp%2Fv2%2Ftags&post=449"}],"curies":[{"name":"wp","href":"https:\/\/api.w.org\/{rel}","templated":true}]}}