{"id":467,"date":"2020-12-22T19:35:20","date_gmt":"2020-12-22T19:35:20","guid":{"rendered":"http:\/\/fgqz.de\/?p=467"},"modified":"2020-12-22T19:35:53","modified_gmt":"2020-12-22T19:35:53","slug":"newsletter-3-2020","status":"publish","type":"post","link":"https:\/\/fgqz.de\/?p=467","title":{"rendered":"Newsletter 3\/2020"},"content":{"rendered":"\n<p>Liebe Mitglieder unserer F\u00f6rdergemeinschaft, liebe Interessierte an der F\u00f6rdergemeinschaft f\u00fcr das Querschnittgel\u00e4hmtenzentrum des RKU,<\/p>\n\n\n\n<p>Deutschland kehrte ab 16.12.2020 in den harten Lockdown zur\u00fcck, acht Tage vor Heiligabend. Wie ich in meinem letzten Newsletter bereits mitgeteilt hatte, konnte unser Adventsstammtisch, der \u00fcblicherweise mehr als 80 Teilnehmer (!) hat, nicht stattfinden. Bei der Weihnachtsvisite am 24. Dezember werden die Patientinnen und Patienten des Querschnittgel\u00e4hmtenzentrums den Geburtstagskalender zu Gunsten der Aktion 100.000 und Ulmer helft erhalten, der in Zusammenarbeit mit dem Universit\u00e4tsklinikum Ulm sowie weiteren Initiativen und F\u00f6rdergemeinschaften in Ulm und um Ulm herum gestaltet wurde. Zus\u00e4tzlich werden sie auch ein Pr\u00e4sent der Manfred-Sauer-Stiftung aus Lobbach erhalten, f\u00fcr das ich mich ganz herzlich bedanken m\u00f6chte.<\/p>\n\n\n\n<p>Das Querschnittgel\u00e4hmtenzentrum Ulm wird mit der Er\u00f6ffnung am 07.01.2021 nunmehr vier Stationen mit insgesamt 57 Betten haben, so dass wir mit gro\u00dfem Engagement in das neue Jahr 2021 hinein gehen werden immer unserem Wahlspruch folgend \u201eAuch mit Querschnittl\u00e4hmung geht es weiter!\u201c&nbsp;<\/p>\n\n\n\n<p>Der Lockdown ist erstmal befristet bis 10. Januar 2021, er wird h\u00f6chstwahrscheinlich verl\u00e4ngert werden. Wann unser Stammtisch im neuen Jahr wieder in der uns gewohnten Form m\u00f6glich sein wird bleibt unklar. Auch bleibt es spannend im Hinblick auf unser Sommerfest n\u00e4chstes Jahr. Wird dies am 22. Juli 2021 stattfinden k\u00f6nnen? Wie dem auch sei, die F\u00f6rdergemeinschaft f\u00fcr das Querschnittgel\u00e4hmtenzentrum des RKU bietet eine Plattform f\u00fcr Betroffene, Angeh\u00f6rige und Interessierte und im Einzelfall k\u00f6nnen wir auch auf Antrag finanziell unterst\u00fctzend t\u00e4tig sein. Daf\u00fcr m\u00f6chte ich mich bei allen Mitgliedern bedanken, die dies durch Unterst\u00fctzung mit Ihrem Mitgliedsbeitrag m\u00f6glich machen, und danke auch den edlen Spenderinnen und Spendern, die zum Teil immer wieder an unsere F\u00f6rdergemeinschaft denken bzw. gedacht haben.<\/p>\n\n\n\n<p>Ich w\u00fcnsche Ihnen und Ihren N\u00e4chsten auch im Namen des Vorstandes von ganzem Herzen ein besinnliches Weihnachtsfest und f\u00fcr das neue Jahr alles Gute, viel Gl\u00fcck und viele sch\u00f6ne Momente.<\/p>\n\n\n\n<p>Herzlichst&nbsp;<\/p>\n\n\n\n<p>Ihr<\/p>\n\n\n\n<figure class=\"wp-block-image size-large is-resized\"><img decoding=\"async\" src=\"http:\/\/fgqz.de\/wp-content\/uploads\/2020\/02\/sign_kalke_gelber_hintergrund.png\" alt=\"pastedGraphic.png\" class=\"wp-image-94\" width=\"297\" height=\"63\" srcset=\"https:\/\/fgqz.de\/wp-content\/uploads\/2020\/02\/sign_kalke_gelber_hintergrund.png 732w, https:\/\/fgqz.de\/wp-content\/uploads\/2020\/02\/sign_kalke_gelber_hintergrund-300x64.png 300w\" sizes=\"(max-width: 297px) 100vw, 297px\" \/><figcaption>Dr. med. Yorck-Bernhard Kalke<\/figcaption><\/figure>\n\n\n\n<p>Vorsitzender FGQZ Ulm<\/p>\n","protected":false},"excerpt":{"rendered":"<p>Liebe Mitglieder unserer F\u00f6rdergemeinschaft, liebe Interessierte an der F\u00f6rdergemeinschaft f\u00fcr das Querschnittgel\u00e4hmtenzentrum des RKU, Deutschland kehrte ab 16.12.2020 in den harten Lockdown zur\u00fcck, acht Tage vor Heiligabend. Wie ich in meinem letzten Newsletter bereits mitgeteilt hatte, konnte unser Adventsstammtisch, der \u00fcblicherweise mehr als 80 Teilnehmer (!) hat, nicht stattfinden. Bei der Weihnachtsvisite am 24. Dezember [&hellip;]<\/p>\n","protected":false},"author":1,"featured_media":0,"comment_status":"closed","ping_status":"closed","sticky":false,"template":"","format":"standard","meta":{"footnotes":""},"categories":[2],"tags":[],"class_list":["post-467","post","type-post","status-publish","format-standard","hentry","category-newsletter"],"_links":{"self":[{"href":"https:\/\/fgqz.de\/index.php?rest_route=\/wp\/v2\/posts\/467","targetHints":{"allow":["GET"]}}],"collection":[{"href":"https:\/\/fgqz.de\/index.php?rest_route=\/wp\/v2\/posts"}],"about":[{"href":"https:\/\/fgqz.de\/index.php?rest_route=\/wp\/v2\/types\/post"}],"author":[{"embeddable":true,"href":"https:\/\/fgqz.de\/index.php?rest_route=\/wp\/v2\/users\/1"}],"replies":[{"embeddable":true,"href":"https:\/\/fgqz.de\/index.php?rest_route=%2Fwp%2Fv2%2Fcomments&post=467"}],"version-history":[{"count":1,"href":"https:\/\/fgqz.de\/index.php?rest_route=\/wp\/v2\/posts\/467\/revisions"}],"predecessor-version":[{"id":468,"href":"https:\/\/fgqz.de\/index.php?rest_route=\/wp\/v2\/posts\/467\/revisions\/468"}],"wp:attachment":[{"href":"https:\/\/fgqz.de\/index.php?rest_route=%2Fwp%2Fv2%2Fmedia&parent=467"}],"wp:term":[{"taxonomy":"category","embeddable":true,"href":"https:\/\/fgqz.de\/index.php?rest_route=%2Fwp%2Fv2%2Fcategories&post=467"},{"taxonomy":"post_tag","embeddable":true,"href":"https:\/\/fgqz.de\/index.php?rest_route=%2Fwp%2Fv2%2Ftags&post=467"}],"curies":[{"name":"wp","href":"https:\/\/api.w.org\/{rel}","templated":true}]}}