{"id":497,"date":"2021-07-14T07:24:06","date_gmt":"2021-07-14T07:24:06","guid":{"rendered":"http:\/\/fgqz.de\/?p=497"},"modified":"2021-07-14T07:24:55","modified_gmt":"2021-07-14T07:24:55","slug":"handbiker-der-fgqz-ulm-nehmen-am-virtuellen-stuttgart-lauf-teil","status":"publish","type":"post","link":"https:\/\/fgqz.de\/?p=497","title":{"rendered":"Handbiker der FGQZ Ulm nehmen am virtuellen Stuttgart-Lauf teil"},"content":{"rendered":"\n<figure class=\"wp-block-image size-large is-style-default\"><img fetchpriority=\"high\" decoding=\"async\" width=\"1024\" height=\"373\" src=\"http:\/\/fgqz.de\/wp-content\/uploads\/2021\/07\/IMG_8550-1024x373.jpeg\" alt=\"\" class=\"wp-image-498\" srcset=\"https:\/\/fgqz.de\/wp-content\/uploads\/2021\/07\/IMG_8550-1024x373.jpeg 1024w, https:\/\/fgqz.de\/wp-content\/uploads\/2021\/07\/IMG_8550-300x109.jpeg 300w, https:\/\/fgqz.de\/wp-content\/uploads\/2021\/07\/IMG_8550-768x280.jpeg 768w, https:\/\/fgqz.de\/wp-content\/uploads\/2021\/07\/IMG_8550-1536x559.jpeg 1536w, https:\/\/fgqz.de\/wp-content\/uploads\/2021\/07\/IMG_8550-2048x746.jpeg 2048w, https:\/\/fgqz.de\/wp-content\/uploads\/2021\/07\/IMG_8550-1200x437.jpeg 1200w, https:\/\/fgqz.de\/wp-content\/uploads\/2021\/07\/IMG_8550-1980x721.jpeg 1980w\" sizes=\"(max-width: 1024px) 100vw, 1024px\" \/><figcaption><strong>(v. links nach rechts) Konstantin Linder, J\u00f6rg Schneider, Max Weber, Manuel Kehrer und Martin Steck<\/strong><\/figcaption><\/figure>\n\n\n\n<p>Ulm: Auch beim diesj\u00e4hrigen, 28. Stuttgart-Lauf, konnten die Handbiker Corona bedingt nicht gemeinsam an den Start gehen. Anstelle dessen wurde der Halbmarathon von den Sportlern auf einer Strecke ihrer Wahl mit Hilfe der Mika:timing App, welche jeder Sportler auf seinem Mobiltelefon installiert hatte, virtuell ausgetragen. Die Zeiten und die Rangfolge der einzelnen Handbiker wurden anschlie\u00dfend mit Hilfe der App ausgewertet. Mit am Start waren die Handbiker der Behinderten-Sport-Abteilung der TSG S\u00f6flingen, welche die Herausforderung des Halbmarathons auf der Strecke des Langenauer Rieds gemeinsam angingen. Bei nahezu optimalen Rennbedingungen lieferte sich das Handbiker Team der TSG S\u00f6flingen ein spannendes Rennen, welches Max Weber mit 36 Minuten und 56 Sekunden vor seinen Teammitgliedern J\u00f6rg Schneider (+ 8 Sec), Martin Steck (+ 3:47 Minuten) und Konstantin Linder (+4:46) f\u00fcr sich entscheiden konnte. Auf den weiteren Pl\u00e4tzen folgten Manuel Kehrer und Achim Renner.<\/p>\n","protected":false},"excerpt":{"rendered":"<p>Ulm: Auch beim diesj\u00e4hrigen, 28. Stuttgart-Lauf, konnten die Handbiker Corona bedingt nicht gemeinsam an den Start gehen. Anstelle dessen wurde der Halbmarathon von den Sportlern auf einer Strecke ihrer Wahl mit Hilfe der Mika:timing App, welche jeder Sportler auf seinem Mobiltelefon installiert hatte, virtuell ausgetragen. Die Zeiten und die Rangfolge der einzelnen Handbiker wurden anschlie\u00dfend [&hellip;]<\/p>\n","protected":false},"author":1,"featured_media":0,"comment_status":"closed","ping_status":"closed","sticky":false,"template":"","format":"standard","meta":{"footnotes":""},"categories":[14],"tags":[],"class_list":["post-497","post","type-post","status-publish","format-standard","hentry","category-presse"],"_links":{"self":[{"href":"https:\/\/fgqz.de\/index.php?rest_route=\/wp\/v2\/posts\/497","targetHints":{"allow":["GET"]}}],"collection":[{"href":"https:\/\/fgqz.de\/index.php?rest_route=\/wp\/v2\/posts"}],"about":[{"href":"https:\/\/fgqz.de\/index.php?rest_route=\/wp\/v2\/types\/post"}],"author":[{"embeddable":true,"href":"https:\/\/fgqz.de\/index.php?rest_route=\/wp\/v2\/users\/1"}],"replies":[{"embeddable":true,"href":"https:\/\/fgqz.de\/index.php?rest_route=%2Fwp%2Fv2%2Fcomments&post=497"}],"version-history":[{"count":1,"href":"https:\/\/fgqz.de\/index.php?rest_route=\/wp\/v2\/posts\/497\/revisions"}],"predecessor-version":[{"id":499,"href":"https:\/\/fgqz.de\/index.php?rest_route=\/wp\/v2\/posts\/497\/revisions\/499"}],"wp:attachment":[{"href":"https:\/\/fgqz.de\/index.php?rest_route=%2Fwp%2Fv2%2Fmedia&parent=497"}],"wp:term":[{"taxonomy":"category","embeddable":true,"href":"https:\/\/fgqz.de\/index.php?rest_route=%2Fwp%2Fv2%2Fcategories&post=497"},{"taxonomy":"post_tag","embeddable":true,"href":"https:\/\/fgqz.de\/index.php?rest_route=%2Fwp%2Fv2%2Ftags&post=497"}],"curies":[{"name":"wp","href":"https:\/\/api.w.org\/{rel}","templated":true}]}}