{"id":594,"date":"2022-12-08T08:25:17","date_gmt":"2022-12-08T08:25:17","guid":{"rendered":"https:\/\/fgqz.de\/?p=594"},"modified":"2022-12-08T08:25:21","modified_gmt":"2022-12-08T08:25:21","slug":"newsletter-3-2022","status":"publish","type":"post","link":"https:\/\/fgqz.de\/?p=594","title":{"rendered":"Newsletter 3\/2022"},"content":{"rendered":"\n<p>Liebe Mitglieder unserer F\u00f6rdergemeinschaft, sehr geehrte Interessierte an der F\u00f6rdergemeinschaft f\u00fcr das Querschnittgel\u00e4hmtenzentrum des RKU,<\/p>\n\n\n\n<p>wieder ist es Advent geworden und diese besondere Zeit im Jahr bereitet das Weihnachtsfest vor, das wir am 24. Dezember feiern d\u00fcrfen.<\/p>\n\n\n\n<p>Dies bedeutet konkret f\u00fcr den 24. Dezember 2022, dass ich zusammen mit der evangelischen Seelsorgerin Frau Pfarrerin J\u00e4kle und der katholischen Seelsorgerin Frau Schnitzler, die auch dem Vergabeausschuss unserer F\u00f6rdergemeinschaft vorsteht, mit Beginn um 11:00 Uhr die <strong>Weihnachtsvisite<\/strong> durchf\u00fchren werde, die wiederum nicht im Lichthof stattfinden wird, sondern wie bereits in den Jahren 2020 und 2021 wieder eine Visite von Zimmer zu Zimmer sein wird.<\/p>\n\n\n\n<p>\u00dcberhaupt sehne ich wie alle auch das offizielle Ende der Endemie herbei &#8211; eine Corona-Pandemie ist es ja nunmehr nicht mehr -, um wieder unbeschwert ohne FFP2-Maske arbeiten zu k\u00f6nnen und die station\u00e4ren Patienten bei Aufnahme nicht erst mal f\u00fcr f\u00fcnf Tage in Quarant\u00e4ne zu schicken, sondern sie auch wieder vermehrt zu unseren Stammtischen mit nach Seligweiler zu nehmen.<\/p>\n\n\n\n<p>Doch blicken wir zur\u00fcck:&nbsp;<\/p>\n\n\n\n<div class=\"wp-block-group\"><div class=\"wp-block-group__inner-container is-layout-constrained wp-block-group-is-layout-constrained\">\n<ul class=\"wp-block-list\">\n<li><strong>Unser Sommerfest<\/strong> war dieses Jahr mit \u00fcber 250 Teilnehmern ein voller Erfolg, jedoch fehlten unsere station\u00e4ren Patienten mit ihren Familienangeh\u00f6rigen und Freunden.&nbsp;<\/li>\n\n\n\n<li><strong>Unsere Stammtische <\/strong>konnten alle stattfinden!<\/li>\n\n\n\n<li><strong>Unser 150. Stammtisch mit einem gro\u00dfartigen Samuel Koch<\/strong> war f\u00fcr mich als Vorsitzender der diesj\u00e4hrige H\u00f6hepunkt unserer Veranstaltungen. Insbesondere m\u00f6chte ich unseren Peers Hans-Peter Thomas und Wolfgang Frisch f\u00fcr Ihren Einsatz f\u00fcr die F\u00f6rdergemeinschaft danken und Sie bitten, weiterhin bei der Vorbereitung und Organisation der Stammtische so pr\u00e4sent zu sein.&nbsp;<\/li>\n\n\n\n<li>J\u00f6rg Schneider und der national und international erfolgreichen Handbike-Gruppe unserer F\u00f6rdergemeinschaft und s\u00e4mtlichen Sponsoren und Unterst\u00fctzern wie dem Sanit\u00e4tshaus H\u00e4ussler, der Firma Sopur, der Aktion 100.000 und Ulmer helft und s\u00e4mtlichen Mitgliedern der FGQZ Ulm, die auch dieses Projekt mit Ihren Mitgliedsbeitr\u00e4gen m\u00f6glich gemacht haben, danke ich f\u00fcr das <strong>Handbike<\/strong>, das <strong>im Lichthof des Querschnittgel\u00e4hmtenzentrums<\/strong> zur Nutzung f\u00fcr die Patienten auch au\u00dferhalb der Therapiezeiten fest installiert steht. Auf diese Art und Weise k\u00f6nnen unsere Patienten bereits w\u00e4hrend der Spezialtherapie bei akuter Querschnittl\u00e4hmung die sportlichen M\u00f6glichkeiten des Handbikefahrens f\u00fcr das \u201eLeben danach\u201c kennenlernen und auf diese Weise Spa\u00df an der Bewegung und Faszination f\u00fcr den Handbike-Sport vermittelt werden.<\/li>\n\n\n\n<li>Werfen Sie einen Blick in das <strong>Protokoll unserer diesj\u00e4hrigen Jahreshauptversammlung<\/strong> und Sie werden mehr Informationen erhalten \u00fcber <strong>unsere Betroffenenunterst\u00fctzung<\/strong> und unsere <strong>Projekte wie UROQ<\/strong> und die <strong>Gruppenunfallversicherung der FGQZ Ulm.<\/strong>&nbsp;<\/li>\n<\/ul>\n<\/div><\/div>\n\n\n\n<p>Das Jahr 2022 war ein schwieriges Jahr, dass von der Pandemie und den daraus resultierenden wirtschaftlichen Folgen, vom zunehmenden Klimawandel und vor allem von dem entsetzlichen Krieg in der Ukraine gezeichnet war. Es bleibt zu hoffen, dass das Jahr 2023 viele positive Entwicklungen und wieder Mut machende Tendenzen beinhalten wird.&nbsp;<\/p>\n\n\n\n<p><strong>Auf unsere gemeinn\u00fctzige F\u00f6rdergemeinschaft werden Sie sich auch im Jahr 2023 verlassen k\u00f6nnen!<\/strong><\/p>\n\n\n\n<p>Ich w\u00fcnsche uns allen eine gute Advents- und Weihnachtszeit. Gehen Sie mit Zuversicht in das neue Jahr 2023 und bleiben Sie gesund da drau\u00dfen und der F\u00f6rdergemeinschaft des Querschnittgel\u00e4hmtenzentrums des RKU weiterhin gewogen.<\/p>\n\n\n\n<p><strong>Herzliche adventliche, weihnachtliche und Neujahrsgr\u00fc\u00dfe!<\/strong><\/p>\n\n\n\n<p>Ihr<\/p>\n\n\n\n<figure class=\"wp-block-image size-full is-resized\"><img decoding=\"async\" src=\"http:\/\/fgqz.de\/wp-content\/uploads\/2020\/02\/sign_kalke_gelber_hintergrund.png\" alt=\"Sign Dr. Kalke\" class=\"wp-image-94\" width=\"269\" height=\"57\" srcset=\"https:\/\/fgqz.de\/wp-content\/uploads\/2020\/02\/sign_kalke_gelber_hintergrund.png 732w, https:\/\/fgqz.de\/wp-content\/uploads\/2020\/02\/sign_kalke_gelber_hintergrund-300x64.png 300w\" sizes=\"(max-width: 269px) 100vw, 269px\" \/><\/figure>\n\n\n\n<p>Dr. med. Yorck-Bernhard Kalke&nbsp;<\/p>\n\n\n\n<p>Vorsitzender FGQZ Ulm<\/p>\n","protected":false},"excerpt":{"rendered":"<p>Liebe Mitglieder unserer F\u00f6rdergemeinschaft, sehr geehrte Interessierte an der F\u00f6rdergemeinschaft f\u00fcr das Querschnittgel\u00e4hmtenzentrum des RKU, wieder ist es Advent geworden und diese besondere Zeit im Jahr bereitet das Weihnachtsfest vor, das wir am 24. Dezember feiern d\u00fcrfen. Dies bedeutet konkret f\u00fcr den 24. Dezember 2022, dass ich zusammen mit der evangelischen Seelsorgerin Frau Pfarrerin J\u00e4kle [&hellip;]<\/p>\n","protected":false},"author":1,"featured_media":0,"comment_status":"closed","ping_status":"closed","sticky":false,"template":"","format":"standard","meta":{"footnotes":""},"categories":[2],"tags":[],"class_list":["post-594","post","type-post","status-publish","format-standard","hentry","category-newsletter"],"_links":{"self":[{"href":"https:\/\/fgqz.de\/index.php?rest_route=\/wp\/v2\/posts\/594","targetHints":{"allow":["GET"]}}],"collection":[{"href":"https:\/\/fgqz.de\/index.php?rest_route=\/wp\/v2\/posts"}],"about":[{"href":"https:\/\/fgqz.de\/index.php?rest_route=\/wp\/v2\/types\/post"}],"author":[{"embeddable":true,"href":"https:\/\/fgqz.de\/index.php?rest_route=\/wp\/v2\/users\/1"}],"replies":[{"embeddable":true,"href":"https:\/\/fgqz.de\/index.php?rest_route=%2Fwp%2Fv2%2Fcomments&post=594"}],"version-history":[{"count":1,"href":"https:\/\/fgqz.de\/index.php?rest_route=\/wp\/v2\/posts\/594\/revisions"}],"predecessor-version":[{"id":595,"href":"https:\/\/fgqz.de\/index.php?rest_route=\/wp\/v2\/posts\/594\/revisions\/595"}],"wp:attachment":[{"href":"https:\/\/fgqz.de\/index.php?rest_route=%2Fwp%2Fv2%2Fmedia&parent=594"}],"wp:term":[{"taxonomy":"category","embeddable":true,"href":"https:\/\/fgqz.de\/index.php?rest_route=%2Fwp%2Fv2%2Fcategories&post=594"},{"taxonomy":"post_tag","embeddable":true,"href":"https:\/\/fgqz.de\/index.php?rest_route=%2Fwp%2Fv2%2Ftags&post=594"}],"curies":[{"name":"wp","href":"https:\/\/api.w.org\/{rel}","templated":true}]}}