{"id":627,"date":"2023-07-07T07:58:06","date_gmt":"2023-07-07T07:58:06","guid":{"rendered":"https:\/\/fgqz.de\/?p=627"},"modified":"2023-07-07T07:58:24","modified_gmt":"2023-07-07T07:58:24","slug":"newsletter-2-2023","status":"publish","type":"post","link":"https:\/\/fgqz.de\/?p=627","title":{"rendered":"Newsletter 2\/2023"},"content":{"rendered":"\n<p>Liebe Mitglieder unserer F\u00f6rdergemeinschaft, sehr geehrte Interessierte an der F\u00f6rdergemeinschaft f\u00fcr das Querschnittgel\u00e4hmtenzentrum des RKU,<\/p>\n\n\n\n<p>zwischzeitlich hat der Sommer Einzug gehalten und wir haben bereits das 1. Halbjahr 2023 hinter uns.<\/p>\n\n\n\n<p>Uns erwartet Erfreuliches:<\/p>\n\n\n\n<p>Am <strong>09.07.2023<\/strong> wird eine inklusive Radtour von Ulm nach Oberstadion stattfinden. Die Handbiker der FGQZ Ulm haben dies organisiert. Treffpunkt ist die Messe Ulm mit Start um 9.00 Uhr. Ca. 45 km sollen auf dem Donauradweg gefahren werden. Ziel ist die Mehrzweckhalle in Oberstadion mit gem\u00fctlichem Beisammensein und Mitmach-Programm. Weitere Informationen erhalten Sie bei Frau Katharina Schnizler unter <a href=\"mailto:schnizler@haeussler-ulm.de\">schnizler@haeussler-ulm.de<\/a>. Eine Anmeldung ist nicht erforderlich, weder f\u00fcr Rad- noch f\u00fcr Handbike-Fahrer.<\/p>\n\n\n\n<p>Das 34. Sommerfest unserer F\u00f6rdergemeinschaft des Querschnittgel\u00e4hmtenzentrums Ulm findet am <strong>27. Juli 2023<\/strong> von <strong>11.30 Uhr bis 19.00 Uhr<\/strong> wieder auf dem Gel\u00e4nde der Seglergemeinschaft Thalfingen statt. Mittagessen mit Grillspezialit\u00e4ten gibt es von 12.30 Uhr bis 14.30 Uhr, Kaffee und Kuchen von 15.30 Uhr bis 17.00 Uhr und Abendessen in Form eines kleinen Snacks zum Abschluss unseres Sommerfestes von 17.30 Uhr bis 19.00 Uhr. F\u00fcr ein buntes Unterhaltungsprogramm wird gesorgt. Die Gewinner unserer Tombola d\u00fcrfen sich auf gro\u00dfe \u00dcberraschungen freuen. Es gibt auch Versteigerungen zu Gunsten der FGQZ Ulm. Ein Cocktail-Zelt und ein Eiswagen werden vor Ort auf SIE warten.\u00a0<\/p>\n\n\n\n<p>\u00dcber 1.500 Einladungen wurden verschickt. Diesen beigef\u00fcgt war der Flyer \u201eOnline-Training bei Querschnittl\u00e4hmung und chronischen Schmerzen\u201c. Sie k\u00f6nnen teilnehmen, wenn Sie bei Querschnittl\u00e4hmung an chronischen Schmerzen leiden, \u00fcber einen Internetzugang sowie eine E-Mail-Adresse verf\u00fcgen und den Wunsch versp\u00fcren, etwas zur Verbesserung ihrer Lebensqualit\u00e4t zu tun.&nbsp;<\/p>\n\n\n\n<p>Weitere Informationen erhalten Sie bei unserer Psychologischen Psychotherapeutin Katja Reichert (<a href=\"mailto:katja.reichert@uniklinik-ulm.de\">katja.reichert@uniklinik-ulm.de<\/a>).<\/p>\n\n\n\n<p>Ich freue mich schon jetzt auf ein Wiedersehen bei unserem Sommerfest am\u00a0<strong>27. Juli 2023<\/strong>.\u00a0<\/p>\n\n\n\n<p>Bitte denken Sie auch weiterhin daran, dass jeden 3. Dienstag im Monat unser FGQZ Ulm Stammtisch ab 18.30\/19.00 Uhr stattfindet.<\/p>\n\n\n\n<p>Beenden m\u00f6chte ich heute meinen Newsletter mit einem Satz von Eugen Roth:<\/p>\n\n\n\n<p>\u201e<em>Ein Mensch f\u00fchlt oft sich wie verwandelt,\u00a0<\/em><\/p>\n\n\n\n<p><em>sobald man menschlich ihn behandelt.<\/em>\u201c<\/p>\n\n\n\n<p>Herzliche Gr\u00fc\u00dfe und genie\u00dfen Sie den Sommer.<\/p>\n\n\n\n<p>Ihr<\/p>\n\n\n\n<figure class=\"wp-block-image size-full is-resized\"><img decoding=\"async\" src=\"http:\/\/fgqz.de\/wp-content\/uploads\/2020\/02\/sign_kalke_gelber_hintergrund.png\" alt=\"Sign Dr. Kalke\" class=\"wp-image-94\" width=\"325\" height=\"69\" srcset=\"https:\/\/fgqz.de\/wp-content\/uploads\/2020\/02\/sign_kalke_gelber_hintergrund.png 732w, https:\/\/fgqz.de\/wp-content\/uploads\/2020\/02\/sign_kalke_gelber_hintergrund-300x64.png 300w\" sizes=\"(max-width: 325px) 100vw, 325px\" \/><\/figure>\n\n\n\n<p>Dr. med. Yorck-Bernhard Kalke&nbsp;<\/p>\n\n\n\n<p>Vorsitzender FGQZ Ulm<\/p>\n","protected":false},"excerpt":{"rendered":"<p>Liebe Mitglieder unserer F\u00f6rdergemeinschaft, sehr geehrte Interessierte an der F\u00f6rdergemeinschaft f\u00fcr das Querschnittgel\u00e4hmtenzentrum des RKU, zwischzeitlich hat der Sommer Einzug gehalten und wir haben bereits das 1. Halbjahr 2023 hinter uns. Uns erwartet Erfreuliches: Am 09.07.2023 wird eine inklusive Radtour von Ulm nach Oberstadion stattfinden. Die Handbiker der FGQZ Ulm haben dies organisiert. Treffpunkt ist [&hellip;]<\/p>\n","protected":false},"author":1,"featured_media":0,"comment_status":"closed","ping_status":"closed","sticky":false,"template":"","format":"standard","meta":{"footnotes":""},"categories":[2],"tags":[],"class_list":["post-627","post","type-post","status-publish","format-standard","hentry","category-newsletter"],"_links":{"self":[{"href":"https:\/\/fgqz.de\/index.php?rest_route=\/wp\/v2\/posts\/627","targetHints":{"allow":["GET"]}}],"collection":[{"href":"https:\/\/fgqz.de\/index.php?rest_route=\/wp\/v2\/posts"}],"about":[{"href":"https:\/\/fgqz.de\/index.php?rest_route=\/wp\/v2\/types\/post"}],"author":[{"embeddable":true,"href":"https:\/\/fgqz.de\/index.php?rest_route=\/wp\/v2\/users\/1"}],"replies":[{"embeddable":true,"href":"https:\/\/fgqz.de\/index.php?rest_route=%2Fwp%2Fv2%2Fcomments&post=627"}],"version-history":[{"count":1,"href":"https:\/\/fgqz.de\/index.php?rest_route=\/wp\/v2\/posts\/627\/revisions"}],"predecessor-version":[{"id":628,"href":"https:\/\/fgqz.de\/index.php?rest_route=\/wp\/v2\/posts\/627\/revisions\/628"}],"wp:attachment":[{"href":"https:\/\/fgqz.de\/index.php?rest_route=%2Fwp%2Fv2%2Fmedia&parent=627"}],"wp:term":[{"taxonomy":"category","embeddable":true,"href":"https:\/\/fgqz.de\/index.php?rest_route=%2Fwp%2Fv2%2Fcategories&post=627"},{"taxonomy":"post_tag","embeddable":true,"href":"https:\/\/fgqz.de\/index.php?rest_route=%2Fwp%2Fv2%2Ftags&post=627"}],"curies":[{"name":"wp","href":"https:\/\/api.w.org\/{rel}","templated":true}]}}