{"id":697,"date":"2024-07-15T13:48:30","date_gmt":"2024-07-15T13:48:30","guid":{"rendered":"https:\/\/fgqz.de\/?p=697"},"modified":"2024-07-15T13:48:31","modified_gmt":"2024-07-15T13:48:31","slug":"newsletter-2-2024","status":"publish","type":"post","link":"https:\/\/fgqz.de\/?p=697","title":{"rendered":"Newsletter 2\/2024"},"content":{"rendered":"\n<p>Liebe Mitglieder unserer F\u00f6rdergemeinschaft, sehr geehrte Interessierte an der F\u00f6rdergemeinschaft f\u00fcr das Querschnittgel\u00e4hmtenzentrum des RKU,\u00a0<\/p>\n\n\n\n<p>dieses Jahr findet am 13.07.2024 die inklusive Radtour von Ulm nach Oberstadion statt. Die Handbikerinnen und Handbiker werden von der Firma H\u00e4ussler Technische Orthop\u00e4die unterst\u00fctzt. Nach dem Start an der Ulmer Messe um 9.00 Uhr f\u00fchrt die rund 45 Kilometer lange Strecke \u00fcber Erbach und Ehingen nach Oberstadion. Dort wird das Ereignis bei k\u00fchlen Getr\u00e4nken, Kaffee und Kuchen geb\u00fchrend gefeiert. Zumindest beim Startschuss werden wir uns sehen\u2026<\/p>\n\n\n\n<p>Am <strong>Donnerstag, den 25.07.2024<\/strong> laden die F\u00f6rdergemeinschaft und das Team des Querschnittgel\u00e4hmtenzentrums zum <strong>35. Sommerfest<\/strong> ein. Das Fest wird wie immer auf dem Gel\u00e4nde der Seglergemeinschaft Thalfingen stattfinden. Beginn dort wird dann 11.30 Uhr sein, bis 19.00 Uhr wird gefeiert werden. F\u00fcr ein buntes Unterhaltungsprogramm ist gesorgt. Bringen Sie bitte etwas Geld als Zeichen der Wertsch\u00e4tzung mit, aber auch, um bei unserer Tombola zu gewinnen!<\/p>\n\n\n\n<p>Nutzen Sie die M\u00f6glichkeit, andere Seelenverwandte im Rahmen der <strong>jeden 3. Dienstag im Monat<\/strong> stattfindenden <strong>Stammtische<\/strong> zu treffen. Im September wird die Kooperation mit dem Medizinischen Dienst das Thema sein, das uns zusammenf\u00fchrt, im Oktober die Peerarbeit, vielleicht aber auch ein Bericht \u00fcber die Inklusionstour von Ulm nach Oberstadion. Im November erfahren Sie Aktuelles \u00fcber UROQ und im Dezember gibt es m\u00f6glicherweise eine ganz gro\u00dfe \u00dcberraschung beim traditionellen Adventsstammtisch.<\/p>\n\n\n\n<p>Jetzt aber genie\u00dfen Sie erstmal den immer sch\u00f6ner werdenden Sommer und bleiben Sie der F\u00f6rdergemeinschaft des Querschnittgel\u00e4hmtenzentrums Ulm gewogen.<\/p>\n\n\n\n<p>Es gr\u00fc\u00dft Sie sehr herzlich<\/p>\n\n\n\n<p>Ihr<\/p>\n\n\n\n<figure class=\"wp-block-image size-full is-resized\"><img fetchpriority=\"high\" decoding=\"async\" width=\"732\" height=\"157\" src=\"http:\/\/fgqz.de\/wp-content\/uploads\/2020\/02\/sign_kalke_gelber_hintergrund.png\" alt=\"Sign Dr. Kalke\" class=\"wp-image-94\" style=\"width:328px;height:auto\" srcset=\"https:\/\/fgqz.de\/wp-content\/uploads\/2020\/02\/sign_kalke_gelber_hintergrund.png 732w, https:\/\/fgqz.de\/wp-content\/uploads\/2020\/02\/sign_kalke_gelber_hintergrund-300x64.png 300w\" sizes=\"(max-width: 732px) 100vw, 732px\" \/><\/figure>\n\n\n\n<p>Dr. med. Yorck-Bernhard Kalke&nbsp;<\/p>\n\n\n\n<p>1.Vorsitzender FGQZ Ulm&nbsp;<\/p>\n","protected":false},"excerpt":{"rendered":"<p>Liebe Mitglieder unserer F\u00f6rdergemeinschaft, sehr geehrte Interessierte an der F\u00f6rdergemeinschaft f\u00fcr das Querschnittgel\u00e4hmtenzentrum des RKU,\u00a0 dieses Jahr findet am 13.07.2024 die inklusive Radtour von Ulm nach Oberstadion statt. Die Handbikerinnen und Handbiker werden von der Firma H\u00e4ussler Technische Orthop\u00e4die unterst\u00fctzt. Nach dem Start an der Ulmer Messe um 9.00 Uhr f\u00fchrt die rund 45 Kilometer [&hellip;]<\/p>\n","protected":false},"author":1,"featured_media":0,"comment_status":"closed","ping_status":"closed","sticky":false,"template":"","format":"standard","meta":{"footnotes":""},"categories":[2],"tags":[],"class_list":["post-697","post","type-post","status-publish","format-standard","hentry","category-newsletter"],"_links":{"self":[{"href":"https:\/\/fgqz.de\/index.php?rest_route=\/wp\/v2\/posts\/697","targetHints":{"allow":["GET"]}}],"collection":[{"href":"https:\/\/fgqz.de\/index.php?rest_route=\/wp\/v2\/posts"}],"about":[{"href":"https:\/\/fgqz.de\/index.php?rest_route=\/wp\/v2\/types\/post"}],"author":[{"embeddable":true,"href":"https:\/\/fgqz.de\/index.php?rest_route=\/wp\/v2\/users\/1"}],"replies":[{"embeddable":true,"href":"https:\/\/fgqz.de\/index.php?rest_route=%2Fwp%2Fv2%2Fcomments&post=697"}],"version-history":[{"count":1,"href":"https:\/\/fgqz.de\/index.php?rest_route=\/wp\/v2\/posts\/697\/revisions"}],"predecessor-version":[{"id":698,"href":"https:\/\/fgqz.de\/index.php?rest_route=\/wp\/v2\/posts\/697\/revisions\/698"}],"wp:attachment":[{"href":"https:\/\/fgqz.de\/index.php?rest_route=%2Fwp%2Fv2%2Fmedia&parent=697"}],"wp:term":[{"taxonomy":"category","embeddable":true,"href":"https:\/\/fgqz.de\/index.php?rest_route=%2Fwp%2Fv2%2Fcategories&post=697"},{"taxonomy":"post_tag","embeddable":true,"href":"https:\/\/fgqz.de\/index.php?rest_route=%2Fwp%2Fv2%2Ftags&post=697"}],"curies":[{"name":"wp","href":"https:\/\/api.w.org\/{rel}","templated":true}]}}